{"id":1328,"date":"2024-03-27T01:19:17","date_gmt":"2024-03-27T01:19:17","guid":{"rendered":"https:\/\/areastecnologia.com.br\/wp\/?p=1328"},"modified":"2024-09-27T01:19:56","modified_gmt":"2024-09-27T01:19:56","slug":"a-revista-manchete","status":"publish","type":"post","link":"https:\/\/areastecnologia.com.br\/wp\/2024\/03\/27\/a-revista-manchete\/","title":{"rendered":"A Revista Manchete"},"content":{"rendered":"<div class=\"wp-block-image\">\n<figure class=\"aligncenter size-full is-resized\"><img loading=\"lazy\" decoding=\"async\" width=\"755\" height=\"344\" src=\"https:\/\/areastecnologia.com.br\/wp\/wp-content\/uploads\/2024\/09\/manchete.jpg\" alt=\"\" class=\"wp-image-1329\" style=\"width:382px;height:auto\" srcset=\"https:\/\/areastecnologia.com.br\/wp\/wp-content\/uploads\/2024\/09\/manchete.jpg 755w, https:\/\/areastecnologia.com.br\/wp\/wp-content\/uploads\/2024\/09\/manchete-300x137.jpg 300w, https:\/\/areastecnologia.com.br\/wp\/wp-content\/uploads\/2024\/09\/manchete-530x241.jpg 530w\" sizes=\"auto, (max-width: 755px) 100vw, 755px\" \/><\/figure>\n<\/div>\n\n\n<p>A <strong>Revista Manchete<\/strong> foi uma das publica\u00e7\u00f5es mais importantes e influentes da hist\u00f3ria do jornalismo brasileiro. Criada por <strong>Adolpho Bloch<\/strong>, a primeira edi\u00e7\u00e3o foi lan\u00e7ada em <strong>26 de abril de 1952<\/strong>. A revista nasceu como um ve\u00edculo de informa\u00e7\u00e3o que buscava trazer para o Brasil um conte\u00fado sofisticado, variado e com uma est\u00e9tica arrojada. Com reportagens ricas em detalhes, imagens de alta qualidade e uma abordagem que cobria desde pol\u00edtica e economia at\u00e9 cultura e entretenimento, a Manchete se tornou rapidamente uma refer\u00eancia nas bancas de jornal do pa\u00eds.<\/p>\n\n\n\n<p>A ideia de Adolpho Bloch era criar uma revista semanal nos moldes da <strong>Life<\/strong>, famosa revista norte-americana que tamb\u00e9m tinha foco em fotos impactantes e mat\u00e9rias bem elaboradas. No caso da Manchete, o grande diferencial estava nas reportagens fotogr\u00e1ficas, muitas vezes capturando momentos hist\u00f3ricos e culturais do Brasil, como a inaugura\u00e7\u00e3o de Bras\u00edlia, os carnavais do Rio de Janeiro e eventos esportivos marcantes. As capas da revista eram uma atra\u00e7\u00e3o \u00e0 parte, muitas vezes estampando personalidades da m\u00fasica, do cinema e da televis\u00e3o, e at\u00e9 mesmo figuras pol\u00edticas em momentos hist\u00f3ricos.<\/p>\n\n\n\n<p>Durante as d\u00e9cadas de <strong>50<\/strong> e <strong>60<\/strong>, a <strong>Manchete<\/strong> acompanhou as grandes mudan\u00e7as sociais e pol\u00edticas do Brasil, como o desenvolvimento das cidades, o crescimento da ind\u00fastria cultural e a moderniza\u00e7\u00e3o da sociedade. As edi\u00e7\u00f5es da revista dessa \u00e9poca s\u00e3o hoje consideradas pe\u00e7as de colecionador, por registrarem momentos importantes e por apresentarem um conte\u00fado editorial e gr\u00e1fico de alt\u00edssima qualidade. Encontrar exemplares antigos da Manchete, especialmente das primeiras d\u00e9cadas, \u00e9 uma verdadeira raridade e um deleite para quem aprecia hist\u00f3ria e jornalismo.<\/p>\n\n\n\n<p>Na d\u00e9cada de <strong>70<\/strong>, a Manchete j\u00e1 era uma das revistas mais lidas do Brasil. Seu conte\u00fado passou a abordar de forma ainda mais intensa os bastidores da pol\u00edtica, os avan\u00e7os da ci\u00eancia, o desenvolvimento econ\u00f4mico do pa\u00eds e a ascens\u00e3o da cultura pop. A revista tamb\u00e9m n\u00e3o se esquivava de temas pol\u00eamicos, trazendo mat\u00e9rias investigativas e cobrindo acontecimentos que marcaram o per\u00edodo da ditadura militar no Brasil. Essa postura a consolidou como um ve\u00edculo respeitado e uma fonte de informa\u00e7\u00e3o para as fam\u00edlias brasileiras.<\/p>\n\n\n\n<p>Al\u00e9m da sua abordagem jornal\u00edstica, a Manchete se tornou famosa por suas se\u00e7\u00f5es dedicadas \u00e0 cultura e ao entretenimento. A revista trazia entrevistas com artistas, resenhas de filmes, pe\u00e7as de teatro, discos de m\u00fasica e at\u00e9 dicas de moda. Durante os anos <strong>80<\/strong>, com a populariza\u00e7\u00e3o da televis\u00e3o e o crescimento da ind\u00fastria do entretenimento, a Manchete passou a dar grande destaque para a cobertura de novelas, shows musicais e celebridades. A revista oferecia aos leitores uma vis\u00e3o privilegiada dos bastidores desses eventos, algo que encantava tanto os f\u00e3s quanto quem queria estar por dentro das \u00faltimas novidades.<\/p>\n\n\n\n<p>Os <strong>exemplares especiais<\/strong> da revista, como as edi\u00e7\u00f5es dedicadas ao <strong>carnaval<\/strong>, eram aguardados ansiosamente pelos leitores. As edi\u00e7\u00f5es de carnaval da Manchete eram especialmente conhecidas por suas fotos exuberantes das escolas de samba, dos desfiles e dos blocos de rua. Essas edi\u00e7\u00f5es se tornaram verdadeiras pe\u00e7as de colecionador, registrando a hist\u00f3ria e a evolu\u00e7\u00e3o do carnaval brasileiro ao longo das d\u00e9cadas. At\u00e9 hoje, encontrar uma dessas revistas em bom estado \u00e9 motivo de celebra\u00e7\u00e3o para colecionadores de itens vintage.<\/p>\n\n\n\n<p>Falando em colecion\u00e1veis, a <strong>Revista Manchete<\/strong> possui muitos itens que s\u00e3o considerados raridades. Algumas edi\u00e7\u00f5es, como as que cobriram grandes eventos hist\u00f3ricos, como o <strong>Golpe Militar de 1964<\/strong>, a <strong>inaugura\u00e7\u00e3o de Bras\u00edlia<\/strong> e a <strong>Copa do Mundo de 1970<\/strong>, s\u00e3o bastante procuradas por colecionadores. Al\u00e9m disso, capas que trazem entrevistas exclusivas com figuras ic\u00f4nicas, como <strong>Pel\u00e9<\/strong>, <strong>Elis Regina<\/strong>, <strong>Roberto Carlos<\/strong>, <strong>Ayrton Senna<\/strong>, entre outros, tamb\u00e9m s\u00e3o valorizadas. As primeiras edi\u00e7\u00f5es da Manchete, que trazem um layout gr\u00e1fico e editorial bem caracter\u00edstico dos anos 50 e 60, s\u00e3o ainda mais raras.<\/p>\n\n\n\n<p>A Manchete tamb\u00e9m lan\u00e7ou edi\u00e7\u00f5es especiais ao longo de sua hist\u00f3ria, como as dedicadas \u00e0 cobertura de casamentos reais, festivais de cinema e at\u00e9 mesmo \u00e1lbuns de fotografia sobre a fauna e a flora brasileiras. Essas edi\u00e7\u00f5es, muitas vezes publicadas com qualidade de impress\u00e3o superior, acabaram se tornando pe\u00e7as disputadas por colecionadores. Vale destacar que algumas dessas revistas vinham com brindes especiais, como p\u00f4steres e \u00e1lbuns de figurinhas, o que as tornava ainda mais interessantes.<\/p>\n\n\n\n<p>Durante os anos <strong>90<\/strong>, com o avan\u00e7o da televis\u00e3o e da internet, as revistas impressas come\u00e7aram a enfrentar dificuldades. Mesmo assim, a Manchete conseguiu se manter relevante por um bom tempo, ainda com reportagens de qualidade e uma diagrama\u00e7\u00e3o que valorizava a fotografia. A revista abordava quest\u00f5es contempor\u00e2neas, como o in\u00edcio da globaliza\u00e7\u00e3o, os avan\u00e7os tecnol\u00f3gicos e os primeiros passos da democracia ap\u00f3s o fim da ditadura. No entanto, o desgaste da m\u00eddia impressa foi inevit\u00e1vel, e a Manchete acabou encerrando suas atividades em <strong>2000<\/strong>, ap\u00f3s quase cinco d\u00e9cadas de publica\u00e7\u00e3o.<\/p>\n\n\n\n<p>Apesar de ter sa\u00eddo de circula\u00e7\u00e3o, o legado da Revista Manchete continua vivo. Ela foi respons\u00e1vel por registrar, de forma \u00fanica, uma boa parte da hist\u00f3ria do Brasil. Suas p\u00e1ginas s\u00e3o uma fonte rica de informa\u00e7\u00e3o para pesquisadores, historiadores e entusiastas da cultura brasileira. Muitas de suas edi\u00e7\u00f5es foram digitalizadas e podem ser acessadas online, o que ajuda a manter a mem\u00f3ria viva.<\/p>\n\n\n\n<p>Hoje em dia, as edi\u00e7\u00f5es da Revista Manchete s\u00e3o itens preciosos para colecionadores de revistas antigas e materiais impressos. As feiras de antiguidades e eventos de colecionadores de revistas e jornais antigos s\u00e3o \u00f3timos lugares para encontrar exemplares da Manchete em bom estado. Algumas edi\u00e7\u00f5es, principalmente as de datas marcantes e as primeiras d\u00e9cadas da publica\u00e7\u00e3o, podem alcan\u00e7ar valores elevados no mercado de colecionadores.<\/p>\n\n\n\n<p>Para quem viveu o auge da revista, ter um exemplar da Manchete em m\u00e3os \u00e9 quase como ter um peda\u00e7o da hist\u00f3ria. Cada edi\u00e7\u00e3o carrega consigo o esp\u00edrito de uma \u00e9poca, as mudan\u00e7as na moda, na pol\u00edtica e na sociedade. \u00c9 uma viagem no tempo que mostra como o Brasil e o mundo foram retratados nas d\u00e9cadas passadas.<\/p>\n\n\n\n<p>Se voc\u00ea encontrar uma edi\u00e7\u00e3o antiga da Revista Manchete em bom estado, saiba que tem um verdadeiro tesouro nas m\u00e3os. A qualidade das fotos, a riqueza das reportagens e a diversidade dos assuntos abordados fazem da Manchete uma revista \u00fanica, cujo legado ainda \u00e9 celebrado por jornalistas, historiadores e colecionadores em todo o pa\u00eds.<\/p>\n","protected":false},"excerpt":{"rendered":"<p>A Revista Manchete foi uma das publica\u00e7\u00f5es mais importantes e influentes da hist\u00f3ria do jornalismo brasileiro. Criada por Adolpho Bloch, a primeira edi\u00e7\u00e3o foi lan\u00e7ada em 26 de abril de 1952. A revista nasceu como um ve\u00edculo de informa\u00e7\u00e3o que buscava trazer para o Brasil um conte\u00fado sofisticado, variado e com uma est\u00e9tica arrojada. Com [&hellip;]<\/p>\n","protected":false},"author":1,"featured_media":0,"comment_status":"open","ping_status":"open","sticky":false,"template":"","format":"standard","meta":{"_jetpack_memberships_contains_paid_content":false,"footnotes":""},"categories":[1],"tags":[],"class_list":["post-1328","post","type-post","status-publish","format-standard","hentry","category-principal"],"jetpack_featured_media_url":"","jetpack_sharing_enabled":true,"_links":{"self":[{"href":"https:\/\/areastecnologia.com.br\/wp\/wp-json\/wp\/v2\/posts\/1328","targetHints":{"allow":["GET"]}}],"collection":[{"href":"https:\/\/areastecnologia.com.br\/wp\/wp-json\/wp\/v2\/posts"}],"about":[{"href":"https:\/\/areastecnologia.com.br\/wp\/wp-json\/wp\/v2\/types\/post"}],"author":[{"embeddable":true,"href":"https:\/\/areastecnologia.com.br\/wp\/wp-json\/wp\/v2\/users\/1"}],"replies":[{"embeddable":true,"href":"https:\/\/areastecnologia.com.br\/wp\/wp-json\/wp\/v2\/comments?post=1328"}],"version-history":[{"count":1,"href":"https:\/\/areastecnologia.com.br\/wp\/wp-json\/wp\/v2\/posts\/1328\/revisions"}],"predecessor-version":[{"id":1330,"href":"https:\/\/areastecnologia.com.br\/wp\/wp-json\/wp\/v2\/posts\/1328\/revisions\/1330"}],"wp:attachment":[{"href":"https:\/\/areastecnologia.com.br\/wp\/wp-json\/wp\/v2\/media?parent=1328"}],"wp:term":[{"taxonomy":"category","embeddable":true,"href":"https:\/\/areastecnologia.com.br\/wp\/wp-json\/wp\/v2\/categories?post=1328"},{"taxonomy":"post_tag","embeddable":true,"href":"https:\/\/areastecnologia.com.br\/wp\/wp-json\/wp\/v2\/tags?post=1328"}],"curies":[{"name":"wp","href":"https:\/\/api.w.org\/{rel}","templated":true}]}}